{"id":112,"date":"2012-02-16T16:21:40","date_gmt":"2012-02-16T16:21:40","guid":{"rendered":"http:\/\/rafacontrerasch.wordpress.com\/?p=112"},"modified":"2012-02-16T16:21:40","modified_gmt":"2012-02-16T16:21:40","slug":"112","status":"publish","type":"post","link":"https:\/\/rafacontreras.org\/en\/112\/","title":{"rendered":"Entrevista a Agust\u00edn Moreno"},"content":{"rendered":"<p>En <a href=\"http:\/\/www.100carbures.com\" target=\"_blank\"><strong>100 Carbures<\/strong><\/a> han publicado una nueva minientrevista dentro de la secci\u00f3n de v\u00eddeos que inauguraron ayer. Agust\u00edn Moreno, director general de CARBURES en Europa, desgrana algunas impresiones sobre la compa\u00f1\u00eda.<\/p>\n<p>Comparto aqu\u00ed el art\u00edculo que aparece en el punto de encuentro en el que realmente se est\u00e1 convirtiendo 100 Carbures, como su t\u00edtulo indica.<\/p>\n<blockquote><p>Como ya anunci\u00e1bamos, vamos a ir publicando en la secci\u00f3n de v\u00eddeos que inauguramos ayer minientrevistas, declaraciones, noticias, reportajes sobre <strong>CARBURES<\/strong>, que sirvan para que los socios y clientes actuales profundizaran en su conocimiento hacia nosotros, y para aquel<strong> potencial inversor<\/strong>, sobre todo en este momento en que se est\u00e1 preparando nuestra salida al<strong> MAB<\/strong>, tuviera la oportunidad de acercarse de manera m\u00e1s directa a<strong> las entra\u00f1as de la compa\u00f1\u00eda.<\/strong><\/p>\n<p>Comenzamos con nuestro director general, <strong>Agust\u00edn Moreno<\/strong>. Ya en otros art\u00edculos del blog ha aparecido su figura, y alg\u00fan art\u00edculo en medios nacionales. Adem\u00e1s, por supuesto, de su participaci\u00f3n en este punto de encuentro con sus comentarios a los art\u00edculos.<\/p>\n<p>Tras \u00e9l, tendr\u00e9is la oportunidad en estas semanas de ir viendo a los art\u00edfices que se encuentran tras las estructuras de <strong>fibra de carbono y alta tecnolog\u00eda<\/strong> que salen de nuestras distintas instalaciones.<\/p>\n<p>Os recordamos los <strong>datos de contacto<\/strong> para obtener informaci\u00f3n sobre la salida al Mercado Alternativo Burs\u00e1til:<\/p>\n<p><strong>Cristina Moreno: cristina.moreno@100carbures.com<\/strong><\/p>\n<p><strong>Javier Gonz\u00e1lez: javier.gonzalez@100carbures.com<\/strong><\/p><\/blockquote>\n<div class=\"jetpack-video-wrapper\"><iframe loading=\"lazy\" title=\"100 Carbures: Agust\u00edn Moreno, Director General\" width=\"500\" height=\"281\" src=\"https:\/\/www.youtube.com\/embed\/-J_MGvOaUos?feature=oembed\" frameborder=\"0\" allow=\"accelerometer; autoplay; clipboard-write; encrypted-media; gyroscope; picture-in-picture; web-share\" referrerpolicy=\"strict-origin-when-cross-origin\" allowfullscreen><\/iframe><\/div>\n","protected":false},"excerpt":{"rendered":"<p>En 100 Carbures han publicado una nueva minientrevista dentro de la secci\u00f3n de v\u00eddeos que inauguraron ayer. Agust\u00edn Moreno, director general de CARBURES en Europa, desgrana algunas impresiones sobre la compa\u00f1\u00eda. Comparto aqu\u00ed el art\u00edculo que aparece en el punto de encuentro en el que realmente se est\u00e1 convirtiendo 100&hellip;<\/p>\n","protected":false},"author":1,"featured_media":0,"comment_status":"open","ping_status":"open","sticky":false,"template":"","format":"standard","meta":{"_mo_disable_npp":"","_jetpack_memberships_contains_paid_content":false,"footnotes":""},"categories":[3],"tags":[7,94,60,69,80],"class_list":["post-112","post","type-post","status-publish","format-standard","hentry","category-carbures","tag-100-carbures","tag-carbures","tag-mab","tag-rafael-contreras","tag-tecnologia"],"jetpack_featured_media_url":"","jetpack_sharing_enabled":true,"brizy_media":[],"_links":{"self":[{"href":"https:\/\/rafacontreras.org\/en\/wp-json\/wp\/v2\/posts\/112","targetHints":{"allow":["GET"]}}],"collection":[{"href":"https:\/\/rafacontreras.org\/en\/wp-json\/wp\/v2\/posts"}],"about":[{"href":"https:\/\/rafacontreras.org\/en\/wp-json\/wp\/v2\/types\/post"}],"author":[{"embeddable":true,"href":"https:\/\/rafacontreras.org\/en\/wp-json\/wp\/v2\/users\/1"}],"replies":[{"embeddable":true,"href":"https:\/\/rafacontreras.org\/en\/wp-json\/wp\/v2\/comments?post=112"}],"version-history":[{"count":0,"href":"https:\/\/rafacontreras.org\/en\/wp-json\/wp\/v2\/posts\/112\/revisions"}],"wp:attachment":[{"href":"https:\/\/rafacontreras.org\/en\/wp-json\/wp\/v2\/media?parent=112"}],"wp:term":[{"taxonomy":"category","embeddable":true,"href":"https:\/\/rafacontreras.org\/en\/wp-json\/wp\/v2\/categories?post=112"},{"taxonomy":"post_tag","embeddable":true,"href":"https:\/\/rafacontreras.org\/en\/wp-json\/wp\/v2\/tags?post=112"}],"curies":[{"name":"wp","href":"https:\/\/api.w.org\/{rel}","templated":true}]}}