{"id":124,"date":"2012-02-17T08:29:40","date_gmt":"2012-02-17T08:29:40","guid":{"rendered":"https:\/\/rafacontrerasch.wordpress.com\/?p=124"},"modified":"2012-02-17T08:29:40","modified_gmt":"2012-02-17T08:29:40","slug":"a-toda-velocidad-pero","status":"publish","type":"post","link":"https:\/\/rafacontreras.org\/en\/a-toda-velocidad-pero\/","title":{"rendered":"A TODA VELOCIDAD&#8230;pero"},"content":{"rendered":"<p>En mi post de ayer os comentaba mi continuo recorrido de distintas zonas de Espa\u00f1a visitando a <strong>inversores<\/strong> a los que les mostramos nuestra empresa y nuestro plan de desarrollo. Os hablaba de entusiamo, ilusi\u00f3n y motivaci\u00f3n&#8230; como punto de reafirmaci\u00f3n de nuestra empresa y nuestra actuaci\u00f3n. Hoy en el AVE  de camino a Madrid quiero a\u00f1adir otro punto a mi reflexi\u00f3n sobre el proceso de salida al <strong>MAB<\/strong>. \u00c9ste es un punto del camino muy importante, sin embargo no es el fin ni el objetivo de la compa\u00f1ia; este paso es el refuerzo necesario al plan de crecimiento que iniciamos  hace mas de dos a\u00f1os.<strong> &#8220;La internacionalizaci\u00f3n es un elemento cr\u00edtico&#8221;<\/strong> que en las personas de <strong>Iv\u00e1n Contreras<\/strong> en USA y de <strong>Manuel Garc\u00eda<\/strong> en China esta teniendo una presencia muy exitosa y enorme en nuestro crecimiento. Es cierto que todo este proceso se est\u00e1 produciendo a una velocidad bastante imponente, si bien, todo esto est\u00e1 teniendo la ventaja de venir precedida de un gran trabajo previo de an\u00e1lisis, investigaci\u00f3n y desarrollo, de un plan de trabajo concreto que permite tener la pausa necesaria para no perdernos en la velocidad del d\u00eda a d\u00eda. Por ello, os digo <strong>A TODA VELOCIDAD&#8230; S\u00ed, pero con much\u00edsima cabeza. A TODA VELOCIDAD&#8230;S\u00ed, pero sabiendo d\u00f3nde vamos. A TODA VELOCIDAD&#8230;S\u00ed, pero con mucha tecnolog\u00eda. A TODA VELOCIDAD&#8230;S\u00ed, pero con un equipo serio y profesional<\/strong><\/p>\n<p>En resumen <strong>A TODA VELOCIDAD SIGNIFICA CON LA VELOCIDAD ADECUADA<\/strong>, Por ello estoy convencido de que \u00e9sa es la causa de la aceptaci\u00f3n que est\u00e1 teniendo nuestra empresa cada vez que la mostramos. Con la salida al MAB pretendemos estar visibles de forma continua y aportar valor en aquello a lo que nos dedicamos que no es otra cosa que reducir el peso de las cosas, generando beneficios energ\u00e9ticos y medioambientales. Por ello CARBURES es una empresa del presente que refleja el futuro. Finalmente y por lo expuesto, contradiciendo el titulo del post:<\/p>\n<p><strong><em>A TODA VELOCIDAD SIN PERO ALGUNO<\/em><\/strong><\/p>\n<figure style=\"width: 180px\" class=\"wp-caption aligncenter\"><a href=\"https:\/\/i0.wp.com\/rafacontreras.org\/wp-content\/uploads\/2012\/02\/20120217-093456.jpg\"><img data-recalc-dims=\"1\" loading=\"lazy\" decoding=\"async\" src=\"https:\/\/i0.wp.com\/rafacontreras.org\/wp-content\/uploads\/2012\/02\/20120217-093456.jpg?resize=180%2C240\" alt=\"20120217-093456.jpg\" width=\"180\" height=\"240\" \/><\/a><figcaption class=\"wp-caption-text\">En el AVE a toda velocidad<\/figcaption><\/figure>\n<p style=\"text-align:center;\">\n","protected":false},"excerpt":{"rendered":"<p>En mi post de ayer os comentaba mi continuo recorrido de distintas zonas de Espa\u00f1a visitando a inversores a los que les mostramos nuestra empresa y nuestro plan de desarrollo. Os hablaba de entusiamo, ilusi\u00f3n y motivaci\u00f3n&#8230; como punto de reafirmaci\u00f3n de nuestra empresa y nuestra actuaci\u00f3n. Hoy en el&hellip;<\/p>\n","protected":false},"author":1,"featured_media":0,"comment_status":"open","ping_status":"open","sticky":false,"template":"","format":"standard","meta":{"_mo_disable_npp":"","_jetpack_memberships_contains_paid_content":false,"footnotes":""},"categories":[3],"tags":[94,47,56,73],"class_list":["post-124","post","type-post","status-publish","format-standard","hentry","category-carbures","tag-carbures","tag-gestion","tag-inversion","tag-riesgo","post_format-post-format-standard"],"jetpack_featured_media_url":"","jetpack_sharing_enabled":true,"brizy_media":[],"_links":{"self":[{"href":"https:\/\/rafacontreras.org\/en\/wp-json\/wp\/v2\/posts\/124","targetHints":{"allow":["GET"]}}],"collection":[{"href":"https:\/\/rafacontreras.org\/en\/wp-json\/wp\/v2\/posts"}],"about":[{"href":"https:\/\/rafacontreras.org\/en\/wp-json\/wp\/v2\/types\/post"}],"author":[{"embeddable":true,"href":"https:\/\/rafacontreras.org\/en\/wp-json\/wp\/v2\/users\/1"}],"replies":[{"embeddable":true,"href":"https:\/\/rafacontreras.org\/en\/wp-json\/wp\/v2\/comments?post=124"}],"version-history":[{"count":0,"href":"https:\/\/rafacontreras.org\/en\/wp-json\/wp\/v2\/posts\/124\/revisions"}],"wp:attachment":[{"href":"https:\/\/rafacontreras.org\/en\/wp-json\/wp\/v2\/media?parent=124"}],"wp:term":[{"taxonomy":"category","embeddable":true,"href":"https:\/\/rafacontreras.org\/en\/wp-json\/wp\/v2\/categories?post=124"},{"taxonomy":"post_tag","embeddable":true,"href":"https:\/\/rafacontreras.org\/en\/wp-json\/wp\/v2\/tags?post=124"}],"curies":[{"name":"wp","href":"https:\/\/api.w.org\/{rel}","templated":true}]}}