{"id":298,"date":"2012-10-15T06:10:13","date_gmt":"2012-10-15T06:10:13","guid":{"rendered":"https:\/\/rafacontrerasch.wordpress.com\/?p=298"},"modified":"2012-10-15T06:10:13","modified_gmt":"2012-10-15T06:10:13","slug":"espana-spain-in-and-out-i","status":"publish","type":"post","link":"https:\/\/rafacontreras.org\/en\/espana-spain-in-and-out-i\/","title":{"rendered":"ESPA\u00d1A (SPAIN): In and Out (I)"},"content":{"rendered":"<p>Navarro &amp; Henr\u00edquez ( 2007)  afirman que  \u201cla progresiva apertura e interdependencia de las econom\u00edas y de los sistemas pol\u00edticos ha conducido de forma irreversible a una globalizaci\u00f3n de la econom\u00eda. Ante este panorama, parece incuestionable que la competitividad internacional sea uno de los factores que, desde hace ya algunas d\u00e9cadas, y de manera prioritaria y generalizada, m\u00e1s vienen esgrimiendo tanto los gobiernos como las empresas a la hora de adoptar <strong>decisiones relevantes<\/strong>.\u201d <\/p>\n<p><strong>SPAIN-IN: Catalu\u00f1a<\/strong><br \/>\nDatos de Catalu\u00f1a dentro de Espa\u00f1a, no existe relacion Espa\u00f1a &#8211; Catalu\u00f1a, pues cuando uno forma parte de un todo, la interrelaci\u00f3n da frutos de forma conjunta que son muy diferentes a los frutos obtenidos desde una relaci\u00f3n externa.<br \/>\nNo estoy afirmando una cuesti\u00f3n ideol\u00f3gica o de sentimientos, defino una realidad objetiva que podra ser modificada o no, pero realidad a d\u00eda de hoy. Sin embargo es una pena ver el como en Espa\u00f1a se usan,  como excusa, los sentimientos para camuflar las realidades econ\u00f3micas.<\/p>\n<p>Catalu\u00f1a paga cada a\u00f1o al Estado 61.812 millones de euros y recibe s\u00f3lo 45.403 millones. En consecuencia, el d\u00e9ficit fiscal es de 16.409 millones de euros, un 8,4% del PIB de la comunidad.<\/p>\n<p>El PIB catal\u00e1n cay\u00f3 en 2009 por encima de la media espa\u00f1ola y su peso en el conjunto de la econom\u00eda ha ido reduciendo paulatinamente hasta situarse en el 18,68% del total, superada por Madrid (18,71%).<\/p>\n<p>Los datos del Banco de Espa\u00f1a correspondientes al primer trimestre del a\u00f1o indican que la regi\u00f3n arrastra una deuda de 25.079 millones de euros, m\u00e1s de una cuarta parte del total de todas las autonom\u00edas espa\u00f1olas. <\/p>\n<p>Catalu\u00f1a es una econom\u00eda que depende en un 57% de Espa\u00f1a en sus \u201cexportaciones\u201d. De hecho, dado que el saldo de la balanza comercial con el exterior \u201cno espa\u00f1ol\u201d es negativa (importa m\u00e1s que exporta).<\/p>\n<p>Standard &amp; Poor\u2019s ha rebajado la calificaci\u00f3n de Catalu\u00f1a a bono basura, tras la petici\u00f3n de rescate de 5.000 millones de euros. No solo alertaba en su informe sobre \u201cel deterioro econ\u00f3mico y crediticio de la regi\u00f3n\u201d, sino que advert\u00eda que \u201cconsideramos la exigencia por parte de la regi\u00f3n de modificar elementos institucionales y financieros claves en su relaci\u00f3n con el gobierno, la consideramos incompatible con una calificaci\u00f3n crediticia de Investment Grade\u201d<\/p>\n<p>En fin, esto son cifras para pensar, seguro que hay muchas mas cifras&#8230;.la soluci\u00f3n a la situaci\u00f3n de crisis actual parte de nuestra fuerza com\u00fan&#8230;no se quien necesita a quien&#8230;<\/p>\n","protected":false},"excerpt":{"rendered":"<p>Navarro &amp; Henr\u00edquez ( 2007) afirman que \u201cla progresiva apertura e interdependencia de las econom\u00edas y de los sistemas pol\u00edticos ha conducido de forma irreversible a una globalizaci\u00f3n de la econom\u00eda. Ante este panorama, parece incuestionable que la competitividad internacional sea uno de los factores que, desde hace ya algunas&hellip;<\/p>\n","protected":false},"author":1,"featured_media":0,"comment_status":"open","ping_status":"open","sticky":false,"template":"","format":"standard","meta":{"_mo_disable_npp":"","_jetpack_memberships_contains_paid_content":false,"footnotes":""},"categories":[5],"tags":[10,20,33,59],"class_list":["post-298","post","type-post","status-publish","format-standard","hentry","category-realidad-economica","tag-alemania","tag-cataluna","tag-economia","tag-liderazgo"],"jetpack_featured_media_url":"","jetpack_sharing_enabled":true,"brizy_media":[],"_links":{"self":[{"href":"https:\/\/rafacontreras.org\/en\/wp-json\/wp\/v2\/posts\/298","targetHints":{"allow":["GET"]}}],"collection":[{"href":"https:\/\/rafacontreras.org\/en\/wp-json\/wp\/v2\/posts"}],"about":[{"href":"https:\/\/rafacontreras.org\/en\/wp-json\/wp\/v2\/types\/post"}],"author":[{"embeddable":true,"href":"https:\/\/rafacontreras.org\/en\/wp-json\/wp\/v2\/users\/1"}],"replies":[{"embeddable":true,"href":"https:\/\/rafacontreras.org\/en\/wp-json\/wp\/v2\/comments?post=298"}],"version-history":[{"count":0,"href":"https:\/\/rafacontreras.org\/en\/wp-json\/wp\/v2\/posts\/298\/revisions"}],"wp:attachment":[{"href":"https:\/\/rafacontreras.org\/en\/wp-json\/wp\/v2\/media?parent=298"}],"wp:term":[{"taxonomy":"category","embeddable":true,"href":"https:\/\/rafacontreras.org\/en\/wp-json\/wp\/v2\/categories?post=298"},{"taxonomy":"post_tag","embeddable":true,"href":"https:\/\/rafacontreras.org\/en\/wp-json\/wp\/v2\/tags?post=298"}],"curies":[{"name":"wp","href":"https:\/\/api.w.org\/{rel}","templated":true}]}}