{"id":379,"date":"2013-03-12T08:51:55","date_gmt":"2013-03-12T08:51:55","guid":{"rendered":"https:\/\/rafacontrerasch.wordpress.com\/?p=379"},"modified":"2013-03-12T08:51:55","modified_gmt":"2013-03-12T08:51:55","slug":"personas-si-pero-las-adecuadas","status":"publish","type":"post","link":"https:\/\/rafacontreras.org\/en\/personas-si-pero-las-adecuadas\/","title":{"rendered":"Personas si&#8230; Pero las adecuadas"},"content":{"rendered":"<p>Discrepo cuando los gurus de los recursos humanos afirman categ\u00f3ricamente que las personas son lo m\u00e1s importante de una organizaci\u00f3n, lo mas importante son las PERSONAS ADECUADAS, hacer esta distinci\u00f3n es importante sobre todo para todos los miembros de una organizaci\u00f3n.<\/p>\n<p>La PERSONA ADECUADA debe ser el principal activo de una organizaci\u00f3n. Como se\u00f1ala Collins (2011), \u201cestar\u00e1n automotivadas por su propio impulso para producir los mejores resultados y formar parte de la creaci\u00f3n de algo magn\u00edfico\u201d.<br \/>\nEn la actualidad las empresas se encuentran con un mercado rico y saturado donde prima el servicio al cliente. Esto les obliga a ser cada d\u00eda m\u00e1s flexibles y dar respuesta inmediata a la demanda. La \u00fanica forma de poder ser eficaz es que todos sus empleados trabajen con responsabilidad y sean mutifuncionales. Las personas deben ser el principal activo de las organizaciones, por encima de los activos materiales y financieros. De las mentes creativas depende todo un proceso industrial: dise\u00f1an el producto, gestionan los aprovisionamientos, planifican la producci\u00f3n, controlan el proceso y la calidad, comercializan los productos y establecen los objetivos y estrategias de la organizaci\u00f3n. <\/p>\n<p>Hoy en CARBURES se estan instalando las maquinas y por ello quiero recordar lo importante de las personas con los recursos necesarios. Esos recursos ya est\u00e1n, ahora es el momento de las personas adecuadas.<\/p>\n<p><a href=\"https:\/\/i0.wp.com\/rafacontreras.org\/wp-content\/uploads\/2013\/03\/20130312-100631.jpg\"><img data-recalc-dims=\"1\" decoding=\"async\" src=\"https:\/\/i0.wp.com\/rafacontreras.org\/wp-content\/uploads\/2013\/03\/20130312-100631.jpg\" alt=\"20130312-100631.jpg\" class=\"alignnone size-full\" \/><\/a><\/p>\n","protected":false},"excerpt":{"rendered":"<p>Discrepo cuando los gurus de los recursos humanos afirman categ\u00f3ricamente que las personas son lo m\u00e1s importante de una organizaci\u00f3n, lo mas importante son las PERSONAS ADECUADAS, hacer esta distinci\u00f3n es importante sobre todo para todos los miembros de una organizaci\u00f3n. La PERSONA ADECUADA debe ser el principal activo de&hellip;<\/p>\n","protected":false},"author":1,"featured_media":0,"comment_status":"open","ping_status":"open","sticky":false,"template":"","format":"standard","meta":{"_mo_disable_npp":"","_jetpack_memberships_contains_paid_content":false,"footnotes":""},"categories":[1],"tags":[47,76],"class_list":["post-379","post","type-post","status-publish","format-standard","hentry","category-uncategorized","tag-gestion","tag-rrhh"],"jetpack_featured_media_url":"","jetpack_sharing_enabled":true,"brizy_media":[],"_links":{"self":[{"href":"https:\/\/rafacontreras.org\/en\/wp-json\/wp\/v2\/posts\/379","targetHints":{"allow":["GET"]}}],"collection":[{"href":"https:\/\/rafacontreras.org\/en\/wp-json\/wp\/v2\/posts"}],"about":[{"href":"https:\/\/rafacontreras.org\/en\/wp-json\/wp\/v2\/types\/post"}],"author":[{"embeddable":true,"href":"https:\/\/rafacontreras.org\/en\/wp-json\/wp\/v2\/users\/1"}],"replies":[{"embeddable":true,"href":"https:\/\/rafacontreras.org\/en\/wp-json\/wp\/v2\/comments?post=379"}],"version-history":[{"count":0,"href":"https:\/\/rafacontreras.org\/en\/wp-json\/wp\/v2\/posts\/379\/revisions"}],"wp:attachment":[{"href":"https:\/\/rafacontreras.org\/en\/wp-json\/wp\/v2\/media?parent=379"}],"wp:term":[{"taxonomy":"category","embeddable":true,"href":"https:\/\/rafacontreras.org\/en\/wp-json\/wp\/v2\/categories?post=379"},{"taxonomy":"post_tag","embeddable":true,"href":"https:\/\/rafacontreras.org\/en\/wp-json\/wp\/v2\/tags?post=379"}],"curies":[{"name":"wp","href":"https:\/\/api.w.org\/{rel}","templated":true}]}}